{"id":83,"date":"2021-12-24T09:00:44","date_gmt":"2021-12-24T08:00:44","guid":{"rendered":"https:\/\/evolumouv.fr\/?p=83"},"modified":"2024-01-05T17:42:21","modified_gmt":"2024-01-05T16:42:21","slug":"evolumouv-prix-sante-entrepreneurs","status":"publish","type":"post","link":"https:\/\/evolumouv.fr\/index.php\/2021\/12\/24\/evolumouv-prix-sante-entrepreneurs\/","title":{"rendered":"Evolu&#8217;Mouv&#8217; &#8211; Prix Sant\u00e9 Entrepreneurs"},"content":{"rendered":"\n<div class=\"wp-block-group is-vertical is-nowrap is-layout-flex wp-container-core-group-is-layout-287ef9cb wp-block-group-is-layout-flex\" style=\"padding-right:0;padding-left:0\">\n<p class=\"has-text-color\" style=\"color:#000000;font-size:6vw;font-style:normal;font-weight:700;letter-spacing:0px;line-height:0.9;text-decoration:none;text-transform:none\"><strong>Prix Sant\u00e9 Entrepreneurs&nbsp;: des projets innovants r\u00e9compens\u00e9s<\/strong><\/p>\n<\/div>\n\n\n\n<div style=\"height:1vw\" aria-hidden=\"true\" class=\"wp-block-spacer\"><\/div>\n\n\n\n<figure class=\"wp-block-gallery has-nested-images columns-default is-cropped wp-block-gallery-1 is-layout-flex wp-block-gallery-is-layout-flex\">\n<figure class=\"wp-block-image size-large\"><img loading=\"lazy\" decoding=\"async\" width=\"1024\" height=\"688\" data-id=\"84\" src=\"https:\/\/evolumouv.fr\/wp-content\/uploads\/2023\/11\/Capture-decran-2023-11-24-a-11.09.19-1024x688.png\" alt=\"\" class=\"wp-image-84\" srcset=\"https:\/\/evolumouv.fr\/wp-content\/uploads\/2023\/11\/Capture-decran-2023-11-24-a-11.09.19-1024x688.png 1024w, https:\/\/evolumouv.fr\/wp-content\/uploads\/2023\/11\/Capture-decran-2023-11-24-a-11.09.19-300x202.png 300w, https:\/\/evolumouv.fr\/wp-content\/uploads\/2023\/11\/Capture-decran-2023-11-24-a-11.09.19-768x516.png 768w, https:\/\/evolumouv.fr\/wp-content\/uploads\/2023\/11\/Capture-decran-2023-11-24-a-11.09.19.png 1184w\" sizes=\"auto, (max-width: 1024px) 100vw, 1024px\" \/><\/figure>\n<\/figure>\n\n\n\n<h2 class=\"wp-block-heading\">Les laur\u00e9ats du Prix Sant\u00e9 Entrepreneurs 2021 ont \u00e9t\u00e9 annonc\u00e9s le 30 novembre. Ce prix, organis\u00e9 par Harmonie Mutuelle, r\u00e9compense des entrepreneurs ayant men\u00e9 une ou plusieurs actions \u00e0 impact positif sur la sant\u00e9.<\/h2>\n\n\n\n<p>Du 4 au 28&nbsp;octobre dernier,&nbsp;<strong>plus de 6&nbsp;000 personnes ont vot\u00e9 en ligne<\/strong>&nbsp;pour \u00e9lire les cinq laur\u00e9ats du&nbsp;<a href=\"https:\/\/www.essentiel-sante-magazine.fr\/mutuelle\/actualites\/entrepreneurs-le-prix-qui-recompense-des-actions-innovantes-pour-la-sante\">Prix Sant\u00e9 Entrepreneurs 2021<\/a>. Invit\u00e9s \u00e0 choisir parmi les<strong>&nbsp;trente projets r\u00e9compens\u00e9s lors des jurys r\u00e9gionaux<\/strong>, les votants ont d\u00e9sign\u00e9&nbsp;<strong>trois laur\u00e9ats nationaux ainsi que deux prix \u00ab&nbsp;coup de c\u0153ur&nbsp;\u00bb<\/strong>. Le scrutin \u00e9tait ouvert sur la plateforme&nbsp;<a href=\"https:\/\/www.harmonie-boost.fr\/home\/3200\">Harmonie Boost<\/a>.<\/p>\n\n\n\n<p>Le&nbsp;<a href=\"https:\/\/prix-sante-entrepreneurs.harmonie-boost.fr\/home\/4245\">Prix Sant\u00e9 Entrepreneurs<\/a>&nbsp;est organis\u00e9 par Harmonie Mutuelle. Il valorise chaque ann\u00e9e les initiatives d\u2019entrepreneurs&nbsp;<strong>en faveur de la sant\u00e9 et du bien-\u00eatre<\/strong>&nbsp;qui ont un impact sur leur propre sant\u00e9, celle de leurs salari\u00e9s, de leurs clients ou plus largement de leur environnement.<\/p>\n\n\n\n<p>\u00ab&nbsp;Pour cette \u00e9dition,&nbsp;<strong>plus de 100 dossiers de candidature ont \u00e9t\u00e9 d\u00e9pos\u00e9s<\/strong>, se r\u00e9jouit Michel Caillet, pr\u00e9sident de la commission Harmonie Mutuelle Entrepreneurs. Nous avons mobilis\u00e9 nos \u00e9lus et nos conseillers pour inciter un maximum d\u2019entrepreneurs \u00e0 valoriser leurs initiatives.&nbsp;\u00bb<\/p>\n\n\n\n<h3 class=\"wp-block-heading\">Qui sont les cinq laur\u00e9ats du Prix Sant\u00e9 Entrepreneurs&nbsp;2021&nbsp;?<\/h3>\n\n\n\n<h4 class=\"wp-block-heading\"><em>Rofim, une nouvelle plateforme m\u00e9dicale<\/em><\/h4>\n\n\n\n<p>Le 1<sup>er<\/sup>&nbsp;prix national 2021 est revenu \u00e0 Rofim, une&nbsp;<strong>plateforme s\u00e9curis\u00e9e d\u2019\u00e9change entre professionnels de sant\u00e9<\/strong>. Cr\u00e9\u00e9e par le Dr David Bensoussan, cette structure de 13 salari\u00e9s s\u2019adresse \u00e0 l\u2019ensemble du secteur m\u00e9dical et m\u00e9dico-social. Rofim offre aux diff\u00e9rents sp\u00e9cialistes de sant\u00e9&nbsp;<strong>un outil d\u2019interaction et de partage s\u00e9curis\u00e9 de donn\u00e9es<\/strong>. Son objectif est \u00e9galement de rendre l\u2019offre de soins accessible \u00e0 tous et de lutter contre les d\u00e9serts m\u00e9dicaux. Elle permet ainsi de r\u00e9aliser des actes de t\u00e9l\u00e9-expertise, des r\u00e9unions de concertation pluridisciplinaire et des t\u00e9l\u00e9consultations.<\/p>\n\n\n\n<h4 class=\"wp-block-heading\"><em>Evolu\u2019Mouv\u2019 accompagne le sport avec b\u00e9b\u00e9<\/em><\/h4>\n\n\n\n<p>Evolu\u2019Mouv\u2019 donne l\u2019opportunit\u00e9 aux jeunes parents de&nbsp;<strong>conserver une activit\u00e9 sportive<\/strong>&nbsp;sans pour autant quitter leur b\u00e9b\u00e9. L\u2019entreprise a remport\u00e9 le 2<sup>e<\/sup>&nbsp;prix du concours. \u00c0 l\u2019origine, elle proposait trois activit\u00e9s&nbsp;:&nbsp;<strong>danse portage, training poussette et gym avec b\u00e9b\u00e9<\/strong>. Puis la gamme s\u2019est \u00e9largie&nbsp;: Evolu\u2019Mouv\u2019 anime aujourd\u2019hui des s\u00e9minaires d\u2019entreprise, des activit\u00e9s sportives parents\/b\u00e9b\u00e9 et parents\/enfants et du coaching personnalis\u00e9 ou en groupe.<\/p>\n\n\n\n<figure class=\"wp-block-gallery has-nested-images columns-default is-cropped wp-block-gallery-2 is-layout-flex wp-block-gallery-is-layout-flex\">\n<figure class=\"wp-block-image size-large\"><img loading=\"lazy\" decoding=\"async\" width=\"1024\" height=\"579\" data-id=\"86\" src=\"https:\/\/evolumouv.fr\/wp-content\/uploads\/2023\/11\/image1-1024x579.jpeg\" alt=\"\" class=\"wp-image-86\" srcset=\"https:\/\/evolumouv.fr\/wp-content\/uploads\/2023\/11\/image1-1024x579.jpeg 1024w, https:\/\/evolumouv.fr\/wp-content\/uploads\/2023\/11\/image1-300x170.jpeg 300w, https:\/\/evolumouv.fr\/wp-content\/uploads\/2023\/11\/image1-768x434.jpeg 768w, https:\/\/evolumouv.fr\/wp-content\/uploads\/2023\/11\/image1.jpeg 1197w\" sizes=\"auto, (max-width: 1024px) 100vw, 1024px\" \/><\/figure>\n<\/figure>\n\n\n\n<p>\u00ab&nbsp;J\u2019ai moi-m\u00eame repris le sport en courant avec la poussette, raconte Aur\u00e9lie Tack, cr\u00e9atrice du projet. Je cherche \u00e0 faire passer aux participants&nbsp;<strong>un moment privil\u00e9gi\u00e9<\/strong>, en assurant la coh\u00e9sion, l\u2019esprit d\u2019\u00e9quipe, la communication\u2026&nbsp;\u00bb<\/p>\n\n\n\n<h4 class=\"wp-block-heading\"><em>VirtySens apporte bien-\u00eatre et relaxation aux personnes fragiles<\/em><\/h4>\n\n\n\n<p>L\u2019entreprise VirtySens, qui a re\u00e7u le 3<sup>e<\/sup>&nbsp;prix, con\u00e7oit avec ses 8 salari\u00e9s<strong>&nbsp;des capsules immersives multisensorielles<\/strong>. Elle propose ainsi des moments de \u00ab&nbsp;voyage&nbsp;\u00bb et d\u2019\u00e9vasion \u00e0 des personnes \u00e2g\u00e9es ou en situation de handicap&nbsp;<strong>en s\u2019appuyant sur la r\u00e9alit\u00e9 virtuelle<\/strong>. D\u00e9velopp\u00e9e en collaboration avec une sophrologue et une psychomotricienne, la capsule fait appel \u00e0 4 sens&nbsp;: l\u2019odorat, le toucher, la vue et l\u2019ou\u00efe. Elle offre&nbsp;<strong>des exp\u00e9riences vari\u00e9es et immersives<\/strong>, comme la d\u00e9couverte de terres inconnues, le ravivement de la m\u00e9moire ou la relaxation. Dans les \u00e9tablissements sp\u00e9cialis\u00e9s, cette initiative est \u00e9galement utilis\u00e9e par les soignants pour offrir des moments de d\u00e9tente.<\/p>\n\n\n\n<h4 class=\"wp-block-heading\"><em>Nature et Aliments s\u2019engage pour le bien-\u00eatre de ses salari\u00e9s<\/em><\/h4>\n\n\n\n<p>Prix \u00ab&nbsp;coup de c\u0153ur des d\u00e9l\u00e9gu\u00e9s entrepreneurs Harmonie Mutuelle&nbsp;\u00bb, Nature et Aliments fabrique des produits alimentaires biologiques en poudre. En 2020, cette entreprise \u00e0 mission* a mis en place une d\u00e9marche de&nbsp;<strong>qualit\u00e9 de vie au travail, afin d\u2019am\u00e9liorer le quotidien de ses 20 salari\u00e9s<\/strong>. Un comit\u00e9 de pilotage et un serious game ont \u00e9t\u00e9 cr\u00e9\u00e9s, puis des chantiers prioritaires ont \u00e9t\u00e9 d\u00e9finis.<\/p>\n\n\n\n<p>Deux initiatives concr\u00e8tes ont d\u00e9j\u00e0 \u00e9t\u00e9 mises en place&nbsp;: un cours de renforcement musculaire et un test d\u2019exosquelettes pour&nbsp;<strong>soulager les salari\u00e9s sur certains postes<\/strong>.<\/p>\n\n\n\n<h4 class=\"wp-block-heading\"><em>Elios Experts a r\u00e9invent\u00e9 sa d\u00e9marche d\u2019\u00e9coute des clients<\/em><\/h4>\n\n\n\n<p>\u00ab&nbsp;Nous ne faisons pas que de la comptabilit\u00e9,&nbsp;<strong>nous sommes des accompagnants au sens large<\/strong>&nbsp;\u00bb, observe \u00c9liane Leveque-Griffanti, expert-comptable et associ\u00e9e du cabinet Elios Experts. L\u2019entreprise a re\u00e7u le prix \u00ab&nbsp;coup de c\u0153ur des experts-comptables&nbsp;\u00bb, nouveaut\u00e9 de l\u2019\u00e9dition 2021 du Prix Sant\u00e9 Entrepreneurs.<\/p>\n\n\n\n<p>En mars&nbsp;2020, lors du premier confinement, l\u2019entreprise a lanc\u00e9 une op\u00e9ration d\u2019appels de leurs clients pour prendre des nouvelles.&nbsp;<strong>Et c\u2019est toute une d\u00e9marche sp\u00e9cifique d\u2019\u00e9coute clients qui s\u2019est mise en place<\/strong>&nbsp;: deux e-mails d\u2019information quotidiens au plus fort de la crise, puis un billet hebdomadaire intitul\u00e9 \u00ab&nbsp;Et si\u2026&nbsp;?&nbsp;\u00bb.<\/p>\n\n\n\n<p>\u00ab&nbsp;J\u2019ai ressenti le besoin de leur parler, de leur dire de ne pas s\u2019oublier. Les clients se sont sentis accompagn\u00e9s, et cela nous a aussi fait du bien&nbsp;\u00bb, se souvient la dirigeante.<\/p>\n\n\n\n<p><em>*Il s\u2019agit pour une entreprise d\u2019affirmer publiquement sa raison d\u2019\u00eatre, ainsi qu\u2019un ou plusieurs objectifs sociaux et environnementaux qu\u2019elle se donne pour mission de poursuivre dans le cadre de son activit\u00e9.<\/em><\/p>\n\n\n\n<h4 class=\"wp-block-heading\"><em>Quelle dotation pour ces prix&nbsp;?<\/em><\/h4>\n\n\n\n<p>En raison du contexte sanitaire, la c\u00e9r\u00e9monie de remise des prix aura lieu en 2022. Les trois laur\u00e9ats nationaux recevront respectivement 5\u00a0000\u00a0\u20ac (1<sup>er<\/sup>\u00a0prix), 2\u00a0500\u00a0\u20ac (2<sup>e<\/sup>\u00a0prix) et 1\u00a0500\u00a0\u20ac (3<sup>e<\/sup>\u00a0prix). Les deux prix \u00ab\u00a0coup de c\u0153ur\u00a0\u00bb recevront chacun 1\u00a0000\u00a0\u20ac.<\/p>\n","protected":false},"excerpt":{"rendered":"<p>Prix Sant\u00e9 Entrepreneurs&nbsp;: des projets innovants r\u00e9compens\u00e9s Les laur\u00e9ats du Prix Sant\u00e9 Entrepreneurs 2021 ont \u00e9t\u00e9 annonc\u00e9s le 30 novembre. Ce prix, organis\u00e9 par Harmonie Mutuelle, r\u00e9compense des entrepreneurs ayant men\u00e9 une ou plusieurs actions \u00e0 impact positif sur la sant\u00e9. Du 4 au 28&nbsp;octobre dernier,&nbsp;plus de 6&nbsp;000 personnes ont vot\u00e9 en ligne&nbsp;pour \u00e9lire les<br \/><a class=\"btn btn-tislider blog-readmore\" href=\"https:\/\/evolumouv.fr\/index.php\/2021\/12\/24\/evolumouv-prix-sante-entrepreneurs\/\">Read More<\/a><\/p>\n","protected":false},"author":1,"featured_media":0,"comment_status":"closed","ping_status":"closed","sticky":false,"template":"","format":"standard","meta":{"footnotes":""},"categories":[5],"tags":[],"class_list":["post-83","post","type-post","status-publish","format-standard","hentry","category-presse"],"yoast_head":"<!-- This site is optimized with the Yoast SEO plugin v21.7 - https:\/\/yoast.com\/wordpress\/plugins\/seo\/ -->\n<title>Evolu&#039;Mouv&#039; - Prix Sant\u00e9 Entrepreneurs - Evolu&#039;Mouv&#039;<\/title>\n<meta name=\"description\" content=\"Evolu&#039;Mouv&#039; : laur\u00e9at du Prix Sant\u00e9 Entrepreneurs 2021. Evolu\u2019Mouv\u2019 donne l\u2019opportunit\u00e9 aux jeunes parents de\u00a0conserver une activit\u00e9 sportive\u00a0sans pour autant quitter leur b\u00e9b\u00e9. L\u2019entreprise a remport\u00e9 le 2e\u00a0prix du concours.\" \/>\n<meta name=\"robots\" content=\"index, follow, max-snippet:-1, max-image-preview:large, max-video-preview:-1\" \/>\n<link rel=\"canonical\" href=\"https:\/\/evolumouv.fr\/index.php\/2021\/12\/24\/evolumouv-prix-sante-entrepreneurs\/\" \/>\n<meta property=\"og:locale\" content=\"en_US\" \/>\n<meta property=\"og:type\" content=\"article\" \/>\n<meta property=\"og:title\" content=\"Evolu&#039;Mouv&#039; - Prix Sant\u00e9 Entrepreneurs - Evolu&#039;Mouv&#039;\" \/>\n<meta property=\"og:description\" content=\"Evolu&#039;Mouv&#039; : laur\u00e9at du Prix Sant\u00e9 Entrepreneurs 2021. Evolu\u2019Mouv\u2019 donne l\u2019opportunit\u00e9 aux jeunes parents de\u00a0conserver une activit\u00e9 sportive\u00a0sans pour autant quitter leur b\u00e9b\u00e9. L\u2019entreprise a remport\u00e9 le 2e\u00a0prix du concours.\" \/>\n<meta property=\"og:url\" content=\"https:\/\/evolumouv.fr\/index.php\/2021\/12\/24\/evolumouv-prix-sante-entrepreneurs\/\" \/>\n<meta property=\"og:site_name\" content=\"Evolu&#039;Mouv&#039;\" \/>\n<meta property=\"article:published_time\" content=\"2021-12-24T08:00:44+00:00\" \/>\n<meta property=\"article:modified_time\" content=\"2024-01-05T16:42:21+00:00\" \/>\n<meta property=\"og:image\" content=\"https:\/\/evolumouv.fr\/wp-content\/uploads\/2023\/11\/Capture-decran-2023-11-24-a-11.09.19-1024x688.png\" \/>\n<meta name=\"author\" content=\"Evolu&#039;Mouv&#039;\" \/>\n<meta name=\"twitter:card\" content=\"summary_large_image\" \/>\n<meta name=\"twitter:label1\" content=\"Written by\" \/>\n\t<meta name=\"twitter:data1\" content=\"Evolu'Mouv'\" \/>\n\t<meta name=\"twitter:label2\" content=\"Est. reading time\" \/>\n\t<meta name=\"twitter:data2\" content=\"5 minutes\" \/>\n<script type=\"application\/ld+json\" class=\"yoast-schema-graph\">{\"@context\":\"https:\/\/schema.org\",\"@graph\":[{\"@type\":\"WebPage\",\"@id\":\"https:\/\/evolumouv.fr\/index.php\/2021\/12\/24\/evolumouv-prix-sante-entrepreneurs\/\",\"url\":\"https:\/\/evolumouv.fr\/index.php\/2021\/12\/24\/evolumouv-prix-sante-entrepreneurs\/\",\"name\":\"Evolu'Mouv' - Prix Sant\u00e9 Entrepreneurs - Evolu&#039;Mouv&#039;\",\"isPartOf\":{\"@id\":\"https:\/\/evolumouv.fr\/#website\"},\"datePublished\":\"2021-12-24T08:00:44+00:00\",\"dateModified\":\"2024-01-05T16:42:21+00:00\",\"author\":{\"@id\":\"https:\/\/evolumouv.fr\/#\/schema\/person\/ec3c0ac0d60f84637bec3f45b0a571c4\"},\"description\":\"Evolu'Mouv' : laur\u00e9at du Prix Sant\u00e9 Entrepreneurs 2021. Evolu\u2019Mouv\u2019 donne l\u2019opportunit\u00e9 aux jeunes parents de\u00a0conserver une activit\u00e9 sportive\u00a0sans pour autant quitter leur b\u00e9b\u00e9. L\u2019entreprise a remport\u00e9 le 2e\u00a0prix du concours.\",\"breadcrumb\":{\"@id\":\"https:\/\/evolumouv.fr\/index.php\/2021\/12\/24\/evolumouv-prix-sante-entrepreneurs\/#breadcrumb\"},\"inLanguage\":\"en-US\",\"potentialAction\":[{\"@type\":\"ReadAction\",\"target\":[\"https:\/\/evolumouv.fr\/index.php\/2021\/12\/24\/evolumouv-prix-sante-entrepreneurs\/\"]}]},{\"@type\":\"BreadcrumbList\",\"@id\":\"https:\/\/evolumouv.fr\/index.php\/2021\/12\/24\/evolumouv-prix-sante-entrepreneurs\/#breadcrumb\",\"itemListElement\":[{\"@type\":\"ListItem\",\"position\":1,\"name\":\"Accueil\",\"item\":\"https:\/\/evolumouv.fr\/\"},{\"@type\":\"ListItem\",\"position\":2,\"name\":\"Evolu&rsquo;Mouv&rsquo; &#8211; Prix Sant\u00e9 Entrepreneurs\"}]},{\"@type\":\"WebSite\",\"@id\":\"https:\/\/evolumouv.fr\/#website\",\"url\":\"https:\/\/evolumouv.fr\/\",\"name\":\"Evolu'Mouv'\",\"description\":\"Le sport de -9 mois \u00e0 +de 70 ans\",\"potentialAction\":[{\"@type\":\"SearchAction\",\"target\":{\"@type\":\"EntryPoint\",\"urlTemplate\":\"https:\/\/evolumouv.fr\/?s={search_term_string}\"},\"query-input\":\"required name=search_term_string\"}],\"inLanguage\":\"en-US\"},{\"@type\":\"Person\",\"@id\":\"https:\/\/evolumouv.fr\/#\/schema\/person\/ec3c0ac0d60f84637bec3f45b0a571c4\",\"name\":\"Evolu'Mouv'\",\"image\":{\"@type\":\"ImageObject\",\"inLanguage\":\"en-US\",\"@id\":\"https:\/\/evolumouv.fr\/#\/schema\/person\/image\/\",\"url\":\"https:\/\/secure.gravatar.com\/avatar\/65371b6098dfa3bdb63394db814ff682ce2b708ee79d2e400ea3be6e9c7f6032?s=96&d=mm&r=g\",\"contentUrl\":\"https:\/\/secure.gravatar.com\/avatar\/65371b6098dfa3bdb63394db814ff682ce2b708ee79d2e400ea3be6e9c7f6032?s=96&d=mm&r=g\",\"caption\":\"Evolu'Mouv'\"},\"sameAs\":[\"http:\/\/evolumouv.fr\"],\"url\":\"https:\/\/evolumouv.fr\/index.php\/author\/admin1446\/\"}]}<\/script>\n<!-- \/ Yoast SEO plugin. -->","yoast_head_json":{"title":"Evolu'Mouv' - Prix Sant\u00e9 Entrepreneurs - Evolu&#039;Mouv&#039;","description":"Evolu'Mouv' : laur\u00e9at du Prix Sant\u00e9 Entrepreneurs 2021. Evolu\u2019Mouv\u2019 donne l\u2019opportunit\u00e9 aux jeunes parents de\u00a0conserver une activit\u00e9 sportive\u00a0sans pour autant quitter leur b\u00e9b\u00e9. L\u2019entreprise a remport\u00e9 le 2e\u00a0prix du concours.","robots":{"index":"index","follow":"follow","max-snippet":"max-snippet:-1","max-image-preview":"max-image-preview:large","max-video-preview":"max-video-preview:-1"},"canonical":"https:\/\/evolumouv.fr\/index.php\/2021\/12\/24\/evolumouv-prix-sante-entrepreneurs\/","og_locale":"en_US","og_type":"article","og_title":"Evolu'Mouv' - Prix Sant\u00e9 Entrepreneurs - Evolu&#039;Mouv&#039;","og_description":"Evolu'Mouv' : laur\u00e9at du Prix Sant\u00e9 Entrepreneurs 2021. Evolu\u2019Mouv\u2019 donne l\u2019opportunit\u00e9 aux jeunes parents de\u00a0conserver une activit\u00e9 sportive\u00a0sans pour autant quitter leur b\u00e9b\u00e9. L\u2019entreprise a remport\u00e9 le 2e\u00a0prix du concours.","og_url":"https:\/\/evolumouv.fr\/index.php\/2021\/12\/24\/evolumouv-prix-sante-entrepreneurs\/","og_site_name":"Evolu&#039;Mouv&#039;","article_published_time":"2021-12-24T08:00:44+00:00","article_modified_time":"2024-01-05T16:42:21+00:00","og_image":[{"url":"https:\/\/evolumouv.fr\/wp-content\/uploads\/2023\/11\/Capture-decran-2023-11-24-a-11.09.19-1024x688.png"}],"author":"Evolu'Mouv'","twitter_card":"summary_large_image","twitter_misc":{"Written by":"Evolu'Mouv'","Est. reading time":"5 minutes"},"schema":{"@context":"https:\/\/schema.org","@graph":[{"@type":"WebPage","@id":"https:\/\/evolumouv.fr\/index.php\/2021\/12\/24\/evolumouv-prix-sante-entrepreneurs\/","url":"https:\/\/evolumouv.fr\/index.php\/2021\/12\/24\/evolumouv-prix-sante-entrepreneurs\/","name":"Evolu'Mouv' - Prix Sant\u00e9 Entrepreneurs - Evolu&#039;Mouv&#039;","isPartOf":{"@id":"https:\/\/evolumouv.fr\/#website"},"datePublished":"2021-12-24T08:00:44+00:00","dateModified":"2024-01-05T16:42:21+00:00","author":{"@id":"https:\/\/evolumouv.fr\/#\/schema\/person\/ec3c0ac0d60f84637bec3f45b0a571c4"},"description":"Evolu'Mouv' : laur\u00e9at du Prix Sant\u00e9 Entrepreneurs 2021. Evolu\u2019Mouv\u2019 donne l\u2019opportunit\u00e9 aux jeunes parents de\u00a0conserver une activit\u00e9 sportive\u00a0sans pour autant quitter leur b\u00e9b\u00e9. L\u2019entreprise a remport\u00e9 le 2e\u00a0prix du concours.","breadcrumb":{"@id":"https:\/\/evolumouv.fr\/index.php\/2021\/12\/24\/evolumouv-prix-sante-entrepreneurs\/#breadcrumb"},"inLanguage":"en-US","potentialAction":[{"@type":"ReadAction","target":["https:\/\/evolumouv.fr\/index.php\/2021\/12\/24\/evolumouv-prix-sante-entrepreneurs\/"]}]},{"@type":"BreadcrumbList","@id":"https:\/\/evolumouv.fr\/index.php\/2021\/12\/24\/evolumouv-prix-sante-entrepreneurs\/#breadcrumb","itemListElement":[{"@type":"ListItem","position":1,"name":"Accueil","item":"https:\/\/evolumouv.fr\/"},{"@type":"ListItem","position":2,"name":"Evolu&rsquo;Mouv&rsquo; &#8211; Prix Sant\u00e9 Entrepreneurs"}]},{"@type":"WebSite","@id":"https:\/\/evolumouv.fr\/#website","url":"https:\/\/evolumouv.fr\/","name":"Evolu'Mouv'","description":"Le sport de -9 mois \u00e0 +de 70 ans","potentialAction":[{"@type":"SearchAction","target":{"@type":"EntryPoint","urlTemplate":"https:\/\/evolumouv.fr\/?s={search_term_string}"},"query-input":"required name=search_term_string"}],"inLanguage":"en-US"},{"@type":"Person","@id":"https:\/\/evolumouv.fr\/#\/schema\/person\/ec3c0ac0d60f84637bec3f45b0a571c4","name":"Evolu'Mouv'","image":{"@type":"ImageObject","inLanguage":"en-US","@id":"https:\/\/evolumouv.fr\/#\/schema\/person\/image\/","url":"https:\/\/secure.gravatar.com\/avatar\/65371b6098dfa3bdb63394db814ff682ce2b708ee79d2e400ea3be6e9c7f6032?s=96&d=mm&r=g","contentUrl":"https:\/\/secure.gravatar.com\/avatar\/65371b6098dfa3bdb63394db814ff682ce2b708ee79d2e400ea3be6e9c7f6032?s=96&d=mm&r=g","caption":"Evolu'Mouv'"},"sameAs":["http:\/\/evolumouv.fr"],"url":"https:\/\/evolumouv.fr\/index.php\/author\/admin1446\/"}]}},"_links":{"self":[{"href":"https:\/\/evolumouv.fr\/index.php\/wp-json\/wp\/v2\/posts\/83","targetHints":{"allow":["GET"]}}],"collection":[{"href":"https:\/\/evolumouv.fr\/index.php\/wp-json\/wp\/v2\/posts"}],"about":[{"href":"https:\/\/evolumouv.fr\/index.php\/wp-json\/wp\/v2\/types\/post"}],"author":[{"embeddable":true,"href":"https:\/\/evolumouv.fr\/index.php\/wp-json\/wp\/v2\/users\/1"}],"replies":[{"embeddable":true,"href":"https:\/\/evolumouv.fr\/index.php\/wp-json\/wp\/v2\/comments?post=83"}],"version-history":[{"count":2,"href":"https:\/\/evolumouv.fr\/index.php\/wp-json\/wp\/v2\/posts\/83\/revisions"}],"predecessor-version":[{"id":280,"href":"https:\/\/evolumouv.fr\/index.php\/wp-json\/wp\/v2\/posts\/83\/revisions\/280"}],"wp:attachment":[{"href":"https:\/\/evolumouv.fr\/index.php\/wp-json\/wp\/v2\/media?parent=83"}],"wp:term":[{"taxonomy":"category","embeddable":true,"href":"https:\/\/evolumouv.fr\/index.php\/wp-json\/wp\/v2\/categories?post=83"},{"taxonomy":"post_tag","embeddable":true,"href":"https:\/\/evolumouv.fr\/index.php\/wp-json\/wp\/v2\/tags?post=83"}],"curies":[{"name":"wp","href":"https:\/\/api.w.org\/{rel}","templated":true}]}}